{"id":7991,"date":"2024-10-07T12:46:25","date_gmt":"2024-10-07T10:46:25","guid":{"rendered":"http:\/\/infosilo.info\/dekom\/?p=7991"},"modified":"2024-10-07T12:51:47","modified_gmt":"2024-10-07T10:51:47","slug":"kartellwaechter-stellen-microsoft-unter-verschaerfte-beobachtung","status":"publish","type":"post","link":"https:\/\/infosilo.info\/dekom\/kartellwaechter-stellen-microsoft-unter-verschaerfte-beobachtung\/","title":{"rendered":"Kartellw\u00e4chter stellen Microsoft unter versch\u00e4rfte Beobachtung"},"content":{"rendered":"\n<ul class=\"wp-block-list\"><li>Aktuelle zNT &#8211; Umfrage schafft Basis f\u00fcr mehr Transparenz bei Cloudnutzung durch \u00f6ffentliche Hand<\/li><\/ul>\n\n\n\n<p>Nach Google, Amazon und Meta hat sich das Bundeskartellamt mit Microsoft den n\u00e4chsten Tech-Giganten aus den USA vorgenommen und festgestellt, dass Microsoft \u201eein Unternehmen mit \u00fcberragender markt\u00fcbergreifender Bedeutung f\u00fcr den Wettbewerb\u201c ist. Was nach einer Formalie klingen mag, d\u00fcrfte weitreichende Folgen f\u00fcr den weltgr\u00f6\u00dften Softwarekonzern haben. &nbsp;Durch die f\u00f6rmliche Feststellung f\u00e4llt Microsoft gemeinsam mit seinen Tochterunternehmen unter die erweiterte Missbrauchsaufsicht nach \u00a7 19a GWB (Gesetz gegen Wettbewerbsbeschr\u00e4nkungen). Auf Basis dieser Vorschrift kann das Bundeskartellamt Unternehmen, die solche Machtstellungen innehaben, wettbewerbsgef\u00e4hrdende Praktiken untersagen. Andreas Mundt, Pr\u00e4sident des Bundeskartellamtes: \u201eDie vielen Produkte von Microsoft sind in Unternehmen, Beh\u00f6rden und Privathaushalten allgegenw\u00e4rtig und nicht wegzudenken. Historischer Ausgangspunkt des Unternehmens ist das Betriebssystem Windows, mit dem Microsoft seit vielen Jahren eine beherrschende Stellung einnimmt. Dazu kommen die Office-Anwendungen und weitere vielf\u00e4ltig miteinander verbundene Software-Angebote. Das \u00d6kosystem Microsoft ist heute verwobener und st\u00e4rker als je zuvor, denn \u00fcber alle Bereiche w\u00f6lben sich zunehmend Cloud und K\u00fcnstliche Intelligenz, Schl\u00fcsseltechnologien, in denen Microsoft durch eigene Entwicklungen und durch Kooperationen seine starke Position untermauert hat.\u201c Kern des von Microsoft geschaffenen digitalen \u00d6kosystems ist das umfassende markt\u00fcbergreifende Portfolio an vielf\u00e4ltig miteinander verbundenen Angeboten insbesondere f\u00fcr Unternehmenskunden, das gro\u00dfe Teile deren Bedarfs abdeckt und viele Produkte enth\u00e4lt, die seit Jahren den weltweiten Marktstandard bilden. Mit dem Betriebssystem Windows beherrscht Microsoft seit vielen Jahren den Markt f\u00fcr PC-Betriebssysteme. Gleiches gilt f\u00fcr Server-Betriebssysteme und f\u00fcr Produktivit\u00e4tssoftware. Microsofts Angebot war zun\u00e4chst zugeschnitten auf eine Infrastruktur aus PCs und Servern, verlagert sich seit einigen Jahren jedoch zunehmend in die Cloud, wo Microsoft mit Azure neben Amazon Web Services (AWS) eine f\u00fchrende Rolle einnimmt.\u201c Mundt weiter: \u201eUnsere Entscheidung gilt f\u00fcr Microsoft insgesamt, nicht nur f\u00fcr einzelne Dienste oder Produkte. Gleichzeitig unterf\u00e4llt Microsoft in der EU als Gatekeeper dem Digital Markets Act. Die daraus resultierende Regulierung, die von der EU-Kommission durchgesetzt wird, gilt aber derzeit nur f\u00fcr das Betriebssystem Windows und das Netzwerk LinkedIn. Wir k\u00f6nnen auf Grundlage unserer Entscheidung wettbewerbsgef\u00e4hrdende Praktiken dort unterbinden, wo der europ\u00e4ische Digital Markets Act (DMA) nicht greift.\u201c Experten und IT-Entscheider aus dem Bereich der \u00f6ffentlichen Hand begr\u00fc\u00dfen die Entscheidung der Kartellw\u00e4chter. Gerade \u00f6ffentliche Unternehmen sind zunehmend auf die Cloud angewiesen, um ihre Services verl\u00e4sslich und effizient zu erbringen. Das gilt umso mehr als die knappen Fachkr\u00e4fte und der Zugang zu KI-Anwendungen vielfach durch die Cloud-Unternehmen gew\u00e4hrleistet werden. Deshalb sind die technischen und h\u00e4ufig auch finanziellen Lock-In Effekte f\u00fcr viele \u00f6ffentliche Unternehmen besonders \u00e4rgerlich. Einerseits erwarten B\u00fcrgerinnen und B\u00fcrger reibungslose Services, andererseits m\u00fcssen sich die Verantwortlichen in Zeiten knapper Kassen f\u00fcr ihre Ausgaben rechtfertigen.<\/p>\n\n\n\n<p>Vor diesem Hintergrund f\u00fchrt das <a href=\"https:\/\/www.znt-berlin.com\/\">Zentrum f\u00fcr nachhaltige Transformation<\/a> an der Quadriga-Hochschule in Berlin (zNT) unter Leitung von Prof. Dr. Torsten Oltmanns derzeit eine vielbeachtete \u2013 und hochaktuelle Umfrage bei Stadtwerken und kommunalen Unternehmen zu den Bedingungen und Kosten von Cloudnutzungen durch die \u00f6ffentliche Hand durch. Die Initiative wird unterst\u00fctzt vom europ\u00e4ischen Verband f\u00fcr Cloud Dienstleister (CISPE). Die Umfrage soll zur Transparenz beitragen und eine solide Basis f\u00fcr tats\u00e4chliche Kosten- und Leistungsvergleiche bilden. &nbsp;Die ersten Ergebnisse der laufenden Untersuchung geben bereits starke Hinweise auf erheblichen Verbesserungsbedarf und korrespondierenden weitgehend mit den vom Bundeskartellamt angef\u00fchrten Kritikpunkten. Die Onlineumfrage ist anonym und dauert nicht l\u00e4nger als 5 bis 10 Minuten. IT-Verantwortliche von Stadtwerken und anderen \u00f6ffentlichen Unternehmen k\u00f6nnen unter folgendem Link daran teilnehmen: <a href=\"https:\/\/survey.lamapoll.de\/240816_unfair_licensing_zNT\">https:\/\/survey.lamapoll.de\/240816_unfair_licensing_zNT<\/a> (DEKOM\/Bundeskartellamt, 30.09.2024) <a href=\"https:\/\/www.bundeskartellamt.de\/SharedDocs\/Meldung\/DE\/Pressemitteilungen\/2024\/30_09_2024_Microsoft.html?nn=52004\">Ganzer Artikel hier\u2026<\/a><\/p>\n\n\n\n<p>\u00dcber das zNT (zentrum Nachhaltige Transformation)<\/p>\n\n\n\n<p>Das zentrum Nachhaltige Transformation (zNT) an der Quadriga Hochschule Berlin ist Think Tank und Beratung. Seit 2022 entwickelt das zNT wissenschaftliche Interventionen, die sich mit der L\u00f6sung von Herausforderungen und Fragen besch\u00e4ftigen, die die nachhaltige Transformation f\u00fcr Unternehmen und Politik mit sich bringen. Zudem ist zNT spezialisiert auf Strategie und Umsetzung von Stakeholder Management in Ver\u00e4nderungssituationen. Das zNT ber\u00e4t Unternehmen und Verb\u00e4nde dort, wo L\u00f6sungen mit messbaren Auswirkungen gebraucht werden. Mehr unter https:\/\/www.znt-berlin.com<\/p>\n","protected":false},"excerpt":{"rendered":"<p>Aktuelle zNT &#8211; Umfrage schafft Basis f\u00fcr mehr Transparenz bei Cloudnutzung durch \u00f6ffentliche Hand Nach Google, Amazon und Meta hat sich das Bundeskartellamt mit Microsoft den n\u00e4chsten Tech-Giganten aus den USA vorgenommen und festgestellt, dass Microsoft \u201eein Unternehmen mit \u00fcberragender markt\u00fcbergreifender Bedeutung f\u00fcr den Wettbewerb\u201c ist. Was nach einer Formalie klingen mag, d\u00fcrfte weitreichende Folgen [&hellip;]<\/p>\n","protected":false},"author":4,"featured_media":0,"comment_status":"closed","ping_status":"open","sticky":false,"template":"","format":"standard","meta":{"footnotes":""},"categories":[1],"tags":[],"class_list":["post-7991","post","type-post","status-publish","format-standard","hentry","category-allgemein"],"_links":{"self":[{"href":"https:\/\/infosilo.info\/dekom\/wp-json\/wp\/v2\/posts\/7991","targetHints":{"allow":["GET"]}}],"collection":[{"href":"https:\/\/infosilo.info\/dekom\/wp-json\/wp\/v2\/posts"}],"about":[{"href":"https:\/\/infosilo.info\/dekom\/wp-json\/wp\/v2\/types\/post"}],"author":[{"embeddable":true,"href":"https:\/\/infosilo.info\/dekom\/wp-json\/wp\/v2\/users\/4"}],"replies":[{"embeddable":true,"href":"https:\/\/infosilo.info\/dekom\/wp-json\/wp\/v2\/comments?post=7991"}],"version-history":[{"count":1,"href":"https:\/\/infosilo.info\/dekom\/wp-json\/wp\/v2\/posts\/7991\/revisions"}],"predecessor-version":[{"id":7992,"href":"https:\/\/infosilo.info\/dekom\/wp-json\/wp\/v2\/posts\/7991\/revisions\/7992"}],"wp:attachment":[{"href":"https:\/\/infosilo.info\/dekom\/wp-json\/wp\/v2\/media?parent=7991"}],"wp:term":[{"taxonomy":"category","embeddable":true,"href":"https:\/\/infosilo.info\/dekom\/wp-json\/wp\/v2\/categories?post=7991"},{"taxonomy":"post_tag","embeddable":true,"href":"https:\/\/infosilo.info\/dekom\/wp-json\/wp\/v2\/tags?post=7991"}],"curies":[{"name":"wp","href":"https:\/\/api.w.org\/{rel}","templated":true}]}}