{"id":8763,"date":"2026-01-12T12:47:09","date_gmt":"2026-01-12T10:47:09","guid":{"rendered":"https:\/\/infosilo.info\/dekom\/?p=8763"},"modified":"2026-01-12T15:46:55","modified_gmt":"2026-01-12T13:46:55","slug":"zveh-zu-stromausfall-risiko-minimieren-und-rechtzeitig-vorsorgen","status":"publish","type":"post","link":"https:\/\/infosilo.info\/dekom\/zveh-zu-stromausfall-risiko-minimieren-und-rechtzeitig-vorsorgen\/","title":{"rendered":"ZVEH zu Stromausfall: Risiko minimieren und rechtzeitig vorsorgen"},"content":{"rendered":"\n<p>Der gezielte Anschlag auf das Berliner Stromnetz f\u00fchrt deutlich vor Augen, dass die Energieinfrastruktur die Achillesferse der modernen Gesellschaft darstellt. Ein gro\u00dffl\u00e4chiger Ausfall zieht nicht nur massive wirtschaftliche Sch\u00e4den nach sich, sondern gef\u00e4hrdet unmittelbar die Funktionsf\u00e4higkeit staatlicher und privater Strukturen. Angesichts einer angespannten weltpolitischen Lage und multipler Bedrohungsszenarien verdeutlicht dieser Vorfall die Notwendigkeit, der Resilienz kritischer Infrastrukturen in Deutschland deutlich mehr Aufmerksamkeit zu widmen. Experten fordern bereits seit Langem eine st\u00e4rkere Vorbereitung auf Worst-Case-Szenarien, um die Stromversorgung auch im Falle von Angriffen oder technischen Defekten stabil zu halten. F\u00fcr Kommunalverantwortliche, hat die Absicherung der Energieversorgung h\u00f6chste Priorit\u00e4t, da sie im Rahmen der Daseinsvorsorge f\u00fcr die Sicherheit vor Ort verantwortlich sind. Die praktische Relevanz f\u00fcr die kommunale Ebene ergibt sich vor allem aus der Notwendigkeit, lokale Versorgungsnetze technisch so zu ert\u00fcchtigen, dass sie weniger anf\u00e4llig f\u00fcr kaskadierende Ausf\u00e4lle sind. Thomas B\u00fcrkle, Vizepr\u00e4sident des Zentralverbandes der Deutschen Elektro- und Informationstechnischen Handwerke (ZVEH), r\u00e4t hierbei zu einer engmaschigeren Netzplanung, dem vermehrten Einsatz von Transformatoren und der Arbeit mit Ringleitungen. Solche Ma\u00dfnahmen stellen sicher, dass im Notfall lediglich Teilbereiche betroffen sind und die Versorgung insgesamt aufrechterhalten werden kann. \u00dcber die rein netzseitige Resilienz hinaus bieten dezentrale L\u00f6sungen konkrete Handlungsm\u00f6glichkeiten, um die Abh\u00e4ngigkeit vom \u00f6ffentlichen Strombezug zu verringern. Die Installation von Photovoltaik-Anlagen in Kombination mit Batteriespeichern erm\u00f6glicht es Haushalten und kommunalen Liegenschaften, auch bei einem Netz-Blackout energieautark zu agieren, sofern die Anlagen \u00fcber eine entsprechende Notstromfunktion verf\u00fcgen. Trotz saisonaler Schwankungen stellt diese Investition eine wichtige Absicherung dar. Erg\u00e4nzend dazu r\u00fcckt das bidirektionale Laden von Elektrofahrzeugen in den Fokus, bei dem Fahrzeugbatterien als mobile Speicher genutzt werden, um Strom zur\u00fcck in das Haus- oder Quartiersnetz zu speisen. Der Gesetzgeber hat hierf\u00fcr mit der Reform des Stromsteuergesetzes sowie \u00c4nderungen im Energiewirtschaftsrecht Ende Dezember wichtige rechtliche H\u00fcrden abgebaut. Da die zunehmende Elektrifizierung die Verwundbarkeit der Gesellschaft weiter steigert, ist eine fr\u00fchzeitige Auseinandersetzung mit Absicherungsstrategien unerl\u00e4sslich. Der ZVEH betont in diesem Zusammenhang, dass die rund 50.000 e-handwerklichen Betriebe bundesweit als kompetente Ansprechpartner bereitstehen. Mit ihrem spezifischen Know-how in der Geb\u00e4ude- und Netzinfrastruktur unterst\u00fctzen sie Kommunen und Verbraucher dabei, die notwendigen technischen Voraussetzungen f\u00fcr eine krisenfeste Stromversorgung zu schaffen und die Energiewende resilient zu gestalten. <a href=\"https:\/\/www.landkreistag.de\/presseforum\/pressemitteilungen\/3500-landkreistag-fordert-staerkeren-schutz-kritischer-infrastrukturen\">Unterdessen fordert der Deutsche Landkreistag (DLT)<\/a> eine deutliche Herabsetzung der Schwellenwerte im geplanten KRITIS-Dachgesetz, um den Schutz der Infrastruktur auch in l\u00e4ndlichen Regionen fl\u00e4chendeckend sicherzustellen. Pr\u00e4sident Dr. Achim Br\u00f6tel betont, dass eine l\u00fcckenlose Krisenvorsorge nur durch niedrigere Eingriffsgrenzen f\u00fcr Versorger sowie eine bessere finanzielle Ausstattung des Katastrophenschutzes erreicht werden kann.(ZVEH, 08.01.2026) <a href=\"https:\/\/www.zveh.de\/news\/detailansicht\/stromausfall-risiko-minimieren-und-rechtzeitig-vorsorgen.html\">Ganzer Artikel hier\u2026<\/a><\/p>\n","protected":false},"excerpt":{"rendered":"<p>Der gezielte Anschlag auf das Berliner Stromnetz f\u00fchrt deutlich vor Augen, dass die Energieinfrastruktur die Achillesferse der modernen Gesellschaft darstellt. Ein gro\u00dffl\u00e4chiger Ausfall zieht nicht nur massive wirtschaftliche Sch\u00e4den nach sich, sondern gef\u00e4hrdet unmittelbar die Funktionsf\u00e4higkeit staatlicher und privater Strukturen. Angesichts einer angespannten weltpolitischen Lage und multipler Bedrohungsszenarien verdeutlicht dieser Vorfall die Notwendigkeit, der Resilienz [&hellip;]<\/p>\n","protected":false},"author":4,"featured_media":0,"comment_status":"closed","ping_status":"open","sticky":false,"template":"","format":"standard","meta":{"footnotes":""},"categories":[1],"tags":[],"class_list":["post-8763","post","type-post","status-publish","format-standard","hentry","category-allgemein"],"_links":{"self":[{"href":"https:\/\/infosilo.info\/dekom\/wp-json\/wp\/v2\/posts\/8763","targetHints":{"allow":["GET"]}}],"collection":[{"href":"https:\/\/infosilo.info\/dekom\/wp-json\/wp\/v2\/posts"}],"about":[{"href":"https:\/\/infosilo.info\/dekom\/wp-json\/wp\/v2\/types\/post"}],"author":[{"embeddable":true,"href":"https:\/\/infosilo.info\/dekom\/wp-json\/wp\/v2\/users\/4"}],"replies":[{"embeddable":true,"href":"https:\/\/infosilo.info\/dekom\/wp-json\/wp\/v2\/comments?post=8763"}],"version-history":[{"count":2,"href":"https:\/\/infosilo.info\/dekom\/wp-json\/wp\/v2\/posts\/8763\/revisions"}],"predecessor-version":[{"id":8787,"href":"https:\/\/infosilo.info\/dekom\/wp-json\/wp\/v2\/posts\/8763\/revisions\/8787"}],"wp:attachment":[{"href":"https:\/\/infosilo.info\/dekom\/wp-json\/wp\/v2\/media?parent=8763"}],"wp:term":[{"taxonomy":"category","embeddable":true,"href":"https:\/\/infosilo.info\/dekom\/wp-json\/wp\/v2\/categories?post=8763"},{"taxonomy":"post_tag","embeddable":true,"href":"https:\/\/infosilo.info\/dekom\/wp-json\/wp\/v2\/tags?post=8763"}],"curies":[{"name":"wp","href":"https:\/\/api.w.org\/{rel}","templated":true}]}}