{"id":8769,"date":"2026-01-12T12:49:12","date_gmt":"2026-01-12T10:49:12","guid":{"rendered":"https:\/\/infosilo.info\/dekom\/?p=8769"},"modified":"2026-01-13T13:10:35","modified_gmt":"2026-01-13T11:10:35","slug":"38-oldenburger-rohrleitungsforum-strategien-fuer-die-netze-von-morgen","status":"publish","type":"post","link":"https:\/\/infosilo.info\/dekom\/38-oldenburger-rohrleitungsforum-strategien-fuer-die-netze-von-morgen\/","title":{"rendered":"38. Oldenburger Rohrleitungsforum &#8211; Strategien f\u00fcr die Netze von morgen"},"content":{"rendered":"\n<p><a href=\"https:\/\/www.iro-online.de\/institut_fuer_rohrleitungsbau_an_der_fachhochschule_oldenburg_e_v__53-.html\">Das Oldenburger Rohrleitungsforum (IRO)<\/a> gilt als der wohl wichtigste Branchentreff zum Beginn des Jahres und r\u00fcckt am 5. und 6. Februar 2026 unter dem Leitmotto \u201eAlt und Neu \u2013 Strategien f\u00fcr die Netze von morgen\u201c die Modernisierung der erdverlegten Infrastruktur in den Fokus. Als eine der bedeutendsten Weiterbildungsveranstaltungen der Branche bringt das Forum rund 120 Fachreferenten und \u00fcber 440 Aussteller in den Weser-Ems-Hallen zusammen, um in sechs parallelen Vortragsreihen die dr\u00e4ngenden Fragen des Leitungsbaus zu diskutieren. F\u00fcr kommunale Entscheider, Stadtwerke und Netzbetreiber versch\u00e4rft sich der Handlungsdruck durch die notwendige Dekarbonisierung der W\u00e4rmenetze, den Aufbau des Wasserstoffkernnetzes sowie die Sicherung der Trinkwasserversorgung gegen Klimafolgen. Ein zentrales Thema des diesj\u00e4hrigen Fachprogramms ist die Steigerung der Baustelleneffizienz im urbanen Raum. Angesichts knapper Fl\u00e4chen und wachsender Baustellendichte wird die logistische Taktung zum entscheidenden Hebel, um Bauzeiten zu verk\u00fcrzen und Verkehrsbelastungen zu minimieren. Hier schl\u00e4gt die Praxis die Br\u00fccke zu innovativen Versorgungsmodellen: EBERO FAB pr\u00e4sentiert in diesem Kontext L\u00f6sungen, die \u00fcber den reinen Produktverkauf hinausgehen und eine ganzheitliche Projektbegleitung erm\u00f6glichen. Ein konkreter Ansatz zur Optimierung von Abl\u00e4ufen ist die n\u00e4chtliche Baustellenbelieferung. Durch diese Logistik-Innovation wird das Material punktgenau bereitgestellt, sodass die Arbeiten morgens ohne Verz\u00f6gerung beginnen k\u00f6nnen, w\u00e4hrend der \u00f6ffentliche Verkehrsraum tags\u00fcber entlastet bleibt. Durch den Zusammenschluss mit KHK Karlsruhe ist das Unternehmen in diesem Jahr erstmals mit zwei spezialisierten St\u00e4nden in Oldenburg vertreten. W\u00e4hrend in Halle 1 (Stand H04) der fachliche Austausch zur Projektbegleitung f\u00fcr erdverlegte Systeme im Mittelpunkt steht, werden in Halle 2 (Stand L09) am EBERO KHK Innovationsstand technische Exponate pr\u00e4sentiert. Dazu z\u00e4hlen unter anderem der 3S-Armaturenantrieb sowie innovative Ladebordsteine f\u00fcr die E-Mobilit\u00e4t. Mit diesem Fokus auf zukunftsorientierte L\u00f6sungen \u2013 von H2-Ready-Leitungen bis hin zur digitalen Smart City \u2013 verbindet das Unternehmen technisches Know-how mit zuverl\u00e4ssigen Lieferketten, um die Zukunftsf\u00e4higkeit der kommunalen Netze sicherzustellen. (DEKOM, 12.01.2026) <a href=\"https:\/\/ebero-fab.com\/fileadmin\/user_upload\/downloads\/PM_IRO_2026.pdf\">Mehr Infos hier&#8230;<\/a><\/p>\n\n\n\n<p><strong><u>\u00dcber EBERO FAB \u2013 Partner f\u00fcr kommunale Infrastruktur, Breitband und Smart City<\/u><\/strong><\/p>\n\n\n\n<p>EBERO FAB ist ein spezialisierter Anbieter f\u00fcr Beschaffung und Logistik im Bereich kommunaler Infrastruktur. Das Unternehmen unterst\u00fctzt St\u00e4dte, Gemeinden und kommunale Betriebe bei der Auswahl, Bereitstellung und Umsetzung praxisorientierter Technologien \u2013 von der Planung bis zur operativen Umsetzung \u2013 in enger Zusammenarbeit mit etablierten Partnern. Mit umfassender Erfahrung in Beratung, Produktmanagement und Logistik gilt EBERO FAB als f\u00fchrender Fachh\u00e4ndler f\u00fcr erdverlegte Leitungs- und Breitbandinfrastrukturen. Dar\u00fcber hinaus engagiert sich das Unternehmen aktiv in den Bereichen Smart City, kritische Infrastruktur, Logistik und E-Business und z\u00e4hlt hier zu den anerkannten Ansprechpartnern f\u00fcr Kommunen und Versorgungsunternehmen. Das Leitmotiv \u201eWissen. K\u00f6nnen. Liefern.\u201c steht f\u00fcr den Anspruch, technisches Know-how, praxisnahe L\u00f6sungen und zuverl\u00e4ssige Lieferketten zu verbinden \u2013 zum Nutzen einer zukunftsf\u00e4higen kommunalen Infrastruktur.<\/p>\n","protected":false},"excerpt":{"rendered":"<p>Das Oldenburger Rohrleitungsforum (IRO) gilt als der wohl wichtigste Branchentreff zum Beginn des Jahres und r\u00fcckt am 5. und 6. Februar 2026 unter dem Leitmotto \u201eAlt und Neu \u2013 Strategien f\u00fcr die Netze von morgen\u201c die Modernisierung der erdverlegten Infrastruktur in den Fokus. Als eine der bedeutendsten Weiterbildungsveranstaltungen der Branche bringt das Forum rund 120 [&hellip;]<\/p>\n","protected":false},"author":4,"featured_media":0,"comment_status":"closed","ping_status":"open","sticky":false,"template":"","format":"standard","meta":{"footnotes":""},"categories":[1],"tags":[],"class_list":["post-8769","post","type-post","status-publish","format-standard","hentry","category-allgemein"],"_links":{"self":[{"href":"https:\/\/infosilo.info\/dekom\/wp-json\/wp\/v2\/posts\/8769","targetHints":{"allow":["GET"]}}],"collection":[{"href":"https:\/\/infosilo.info\/dekom\/wp-json\/wp\/v2\/posts"}],"about":[{"href":"https:\/\/infosilo.info\/dekom\/wp-json\/wp\/v2\/types\/post"}],"author":[{"embeddable":true,"href":"https:\/\/infosilo.info\/dekom\/wp-json\/wp\/v2\/users\/4"}],"replies":[{"embeddable":true,"href":"https:\/\/infosilo.info\/dekom\/wp-json\/wp\/v2\/comments?post=8769"}],"version-history":[{"count":2,"href":"https:\/\/infosilo.info\/dekom\/wp-json\/wp\/v2\/posts\/8769\/revisions"}],"predecessor-version":[{"id":8789,"href":"https:\/\/infosilo.info\/dekom\/wp-json\/wp\/v2\/posts\/8769\/revisions\/8789"}],"wp:attachment":[{"href":"https:\/\/infosilo.info\/dekom\/wp-json\/wp\/v2\/media?parent=8769"}],"wp:term":[{"taxonomy":"category","embeddable":true,"href":"https:\/\/infosilo.info\/dekom\/wp-json\/wp\/v2\/categories?post=8769"},{"taxonomy":"post_tag","embeddable":true,"href":"https:\/\/infosilo.info\/dekom\/wp-json\/wp\/v2\/tags?post=8769"}],"curies":[{"name":"wp","href":"https:\/\/api.w.org\/{rel}","templated":true}]}}