{"id":8776,"date":"2026-01-12T12:54:05","date_gmt":"2026-01-12T10:54:05","guid":{"rendered":"https:\/\/infosilo.info\/dekom\/?p=8776"},"modified":"2026-01-12T12:54:07","modified_gmt":"2026-01-12T10:54:07","slug":"bund-und-laender-einigen-sich-auf-fortsetzung-des-digitalpakts-2-0","status":"publish","type":"post","link":"https:\/\/infosilo.info\/dekom\/bund-und-laender-einigen-sich-auf-fortsetzung-des-digitalpakts-2-0\/","title":{"rendered":"Bund und L\u00e4nder einigen sich auf Fortsetzung des Digitalpakts 2.0"},"content":{"rendered":"\n<p>Kurz vor Weihnachten haben sich Bund und L\u00e4nder auf die Fortsetzung der gemeinsamen Digitalisierungsstrategie an deutschen Schulen verst\u00e4ndigt. Der Digitalpakt 2.0 sieht f\u00fcr den Zeitraum von 2026 bis 2030 ein Gesamtvolumen von f\u00fcnf Milliarden Euro vor, die je zur H\u00e4lfte von der Bundesebene und den L\u00e4ndern finanziert werden. Ein vorzeitiger Ma\u00dfnahmenbeginn wurde bereits f\u00fcr den 1. Januar 2025 vereinbart, um Kontinuit\u00e4t in der Infrastrukturentwicklung zu gew\u00e4hrleisten. Im Vergleich zum ersten Digitalpakt verschiebt sich der Schwerpunkt weg von der reinen Hardware-Beschaffung hin zur langfristigen Wartung, professionellen IT-Administration und der Absicherung der Systeme. F\u00fcr die kommunalen Schultr\u00e4ger bringt diese Einigung eine wesentliche Ver\u00e4nderung der Rahmenbedingungen mit sich. War die Finanzierung von IT-Personal und Sicherheitsstrukturen bisher oft eine H\u00fcrde, sind IT-Administration und Cybersecurity nun explizit als f\u00f6rderf\u00e4hige Leistungen im Digitalpakt 2.0 verankert. Dies tr\u00e4gt der Erkenntnis Rechnung, dass die geschaffenen digitalen Strukturen ohne professionellen Schutz und kontinuierliche Betreuung kaum resilient zu betreiben sind. Angesichts des anhaltenden Fachkr\u00e4ftemangels in kommunalen IT-Abteilungen r\u00fccken dabei technologische L\u00f6sungen in den Fokus, die den Verwaltungsaufwand durch einen hohen Automatisierungsgrad minimieren. In diesem Kontext bieten vor allem Cybersecurity-Plattformen, wie die des Jenaer <a href=\"https:\/\/enginsight.com\/de\/\">Security-Spezialisten Enginsight<\/a>, effektive L\u00f6sungen f\u00fcr die neuen Anforderungen. Die Enginsight-Software b\u00fcndelt Funktionen wie Monitoring, Schwachstellenmanagement und Angriffserkennung \u2013 so k\u00f6nnen Schultr\u00e4ger die gesetzlich geforderten Sicherheitsstandards ohne massiven Personalaufbau umsetzen. Besonders die Mandantenf\u00e4higkeit des Systems aus Th\u00fcringen erweist sich als praxisrelevant. Eine zentrale IT-Abteilung im Rathaus oder Landratsamt ist in der Lage, s\u00e4mtliche Schulen \u00fcber eine einzige Instanz abzusichern und so die im Digitalpakt 2.0 geforderten Skaleneffekte und effizienteren Verfahren zu realisieren. Die Enginsight \u2013 Plattform ist eine deutsche Eigenentwicklung, erf\u00fcllt die strengen Compliance-Vorgaben nach ISO 27001 und wahrt die digitale Souver\u00e4nit\u00e4t der \u00f6ffentlichen Verwaltung. Als konkrete Handlungsm\u00f6glichkeit f\u00fcr die anstehende Budgetplanung dient eine spezifische \u201eSchul-Promo\u201c von Enginsight, die nach Angaben des Unternehmens auch in diesem Jahr fortgesetzt wird. \u00a0Schultr\u00e4ger, die die Enginsight-Software zur Absicherung ihrer eigenen Kernverwaltung einsetzen oder beschaffen wollen, k\u00f6nnen f\u00fcr die angeschlossenen Schulen kostenfreie Lizenzen erhalten.\u00a0 Dieser integrierte Ansatz senkt die Einstiegsh\u00fcrden f\u00fcr die fl\u00e4chendeckende IT-Sicherheit massiv und schont die Mittel aus dem Digitalpakt 2.0 f\u00fcr weitere Infrastrukturprojekte oder die p\u00e4dagogische Begleitung. Damit wird die technische Absicherung der Schulen zu einem wirtschaftlich effizienten Bestandteil der kommunalen IT-Strategie, der den Anforderungen an Sicherheit und Professionalit\u00e4t gleicherma\u00dfen gerecht wird. (DEKOM, 12.01.2026) <a href=\"https:\/\/enginsight.com\/wp-content\/uploads\/Enginsight-Schulpromo-2025-1.pdf\">Mehr Infos hier\u2026<\/a><\/p>\n","protected":false},"excerpt":{"rendered":"<p>Kurz vor Weihnachten haben sich Bund und L\u00e4nder auf die Fortsetzung der gemeinsamen Digitalisierungsstrategie an deutschen Schulen verst\u00e4ndigt. Der Digitalpakt 2.0 sieht f\u00fcr den Zeitraum von 2026 bis 2030 ein Gesamtvolumen von f\u00fcnf Milliarden Euro vor, die je zur H\u00e4lfte von der Bundesebene und den L\u00e4ndern finanziert werden. Ein vorzeitiger Ma\u00dfnahmenbeginn wurde bereits f\u00fcr den [&hellip;]<\/p>\n","protected":false},"author":4,"featured_media":0,"comment_status":"closed","ping_status":"open","sticky":false,"template":"","format":"standard","meta":{"footnotes":""},"categories":[1],"tags":[],"class_list":["post-8776","post","type-post","status-publish","format-standard","hentry","category-allgemein"],"_links":{"self":[{"href":"https:\/\/infosilo.info\/dekom\/wp-json\/wp\/v2\/posts\/8776","targetHints":{"allow":["GET"]}}],"collection":[{"href":"https:\/\/infosilo.info\/dekom\/wp-json\/wp\/v2\/posts"}],"about":[{"href":"https:\/\/infosilo.info\/dekom\/wp-json\/wp\/v2\/types\/post"}],"author":[{"embeddable":true,"href":"https:\/\/infosilo.info\/dekom\/wp-json\/wp\/v2\/users\/4"}],"replies":[{"embeddable":true,"href":"https:\/\/infosilo.info\/dekom\/wp-json\/wp\/v2\/comments?post=8776"}],"version-history":[{"count":1,"href":"https:\/\/infosilo.info\/dekom\/wp-json\/wp\/v2\/posts\/8776\/revisions"}],"predecessor-version":[{"id":8777,"href":"https:\/\/infosilo.info\/dekom\/wp-json\/wp\/v2\/posts\/8776\/revisions\/8777"}],"wp:attachment":[{"href":"https:\/\/infosilo.info\/dekom\/wp-json\/wp\/v2\/media?parent=8776"}],"wp:term":[{"taxonomy":"category","embeddable":true,"href":"https:\/\/infosilo.info\/dekom\/wp-json\/wp\/v2\/categories?post=8776"},{"taxonomy":"post_tag","embeddable":true,"href":"https:\/\/infosilo.info\/dekom\/wp-json\/wp\/v2\/tags?post=8776"}],"curies":[{"name":"wp","href":"https:\/\/api.w.org\/{rel}","templated":true}]}}