{"id":9134,"date":"2026-03-09T11:55:55","date_gmt":"2026-03-09T09:55:55","guid":{"rendered":"https:\/\/infosilo.info\/dekom\/?p=9134"},"modified":"2026-03-09T11:55:55","modified_gmt":"2026-03-09T09:55:55","slug":"sgb-ii-reform-mieterbund-warnt-vor-drohender-wohnungslosigkeit","status":"publish","type":"post","link":"https:\/\/infosilo.info\/dekom\/sgb-ii-reform-mieterbund-warnt-vor-drohender-wohnungslosigkeit\/","title":{"rendered":"SGB-II-Reform: Mieterbund warnt vor drohender Wohnungslosigkeit"},"content":{"rendered":"\n<p>Der Deutsche Mieterbund lehnt den Gesetzentwurf der Bundesregierung zur \u00c4nderung des Zweiten Buches Sozialgesetzbuch grunds\u00e4tzlich ab. Die geplanten \u00c4nderungen, die ab 1. Juli 2026 gelten sollen, gef\u00e4hrdeten Menschen in der Grundsicherung in ihrer Existenz \u2014 weil sie Wohnungslosigkeit Vorschub leisten, statt sie zu verhindern. Kernpunkt der Kritik ist die faktische Abschaffung der Karenzzeit. Seit 2023 werden in den ersten zw\u00f6lf Monaten des Grundsicherungsbezugs die tats\u00e4chlichen Unterkunftskosten vollst\u00e4ndig \u00fcbernommen, unabh\u00e4ngig davon, ob die Miete als \u201eangemessen&#8220; gilt. Diese Regelung gibt Betroffenen Zeit, ihre Lage zu stabilisieren und sich auf die Jobsuche zu konzentrieren, ohne sofort mit Mietk\u00fcrzungen oder Umzugsdruck konfrontiert zu sein. Mit der Reform sollen strenge Mietobergrenzen bereits vom ersten Tag des Leistungsbezugs gelten. \u00dcberschreitet die Miete die festgelegte Grenze, drohen sofortige K\u00fcrzungen \u2014 ohne \u00dcbergangsfrist, ohne Kostensenkungsverfahren. Schon ab dem Verzug der zweiten Monatsmiete sind ordentliche und fristlose K\u00fcndigung m\u00f6glich. Besonders problematisch ist aus Sicht des Mieterbundes die geplante Verkn\u00fcpfung mit der Mietpreisbremse. Leistungsberechtigte sollen Verst\u00f6\u00dfe k\u00fcnftig selbst r\u00fcgen und notfalls gerichtlich gegen Vermieter vorgehen. DMB-Pr\u00e4sidentin Melanie Weber-Moritz h\u00e4lt das f\u00fcr verfehlt: Die Verantwortung f\u00fcr die Durchsetzung rechtm\u00e4\u00dfiger Mieten d\u00fcrfe nicht auf Menschen in prek\u00e4ren Lebenslagen abgew\u00e4lzt werden. Kritisch bewertet der Verband auch die geplanten Leistungsk\u00fcrzungen bei wiederholten Meldevers\u00e4umnissen. Im Extremfall k\u00f6nnen s\u00e4mtliche Zahlungen eingestellt werden \u2014 einschlie\u00dflich der Miete. Das erh\u00f6he das Risiko von Mietr\u00fcckst\u00e4nden und Obdachlosigkeit erheblich. Der Mieterbund bestreitet, dass die Reform die eigentlichen Ursachen hoher Mieten adressiert. Fehlender bezahlbarer Wohnraum, Schlupfl\u00f6cher bei der Mietpreisbremse und ausbleibende Konsequenzen f\u00fcr Vermieter mit \u00fcberh\u00f6hten Mieten seien das strukturelle Problem \u2014 kein pers\u00f6nliches Versagen der Mieter. Weber-Moritz fordert stattdessen einen deutlichen Ausbau des sozialen Wohnungsbaus und konsequentere Mietpreisregelungen. (DMB, 04.03.2026) <a href=\"https:\/\/mieterbund.de\/aktuelles\/meldungen\/reform-setzt-empfaengerinnen-und-empfaenger-von-grundsicherung-unter-druck\/\">Ganzer Artikel hier\u2026<\/a><\/p>\n","protected":false},"excerpt":{"rendered":"<p>Der Deutsche Mieterbund lehnt den Gesetzentwurf der Bundesregierung zur \u00c4nderung des Zweiten Buches Sozialgesetzbuch grunds\u00e4tzlich ab. Die geplanten \u00c4nderungen, die ab 1. Juli 2026 gelten sollen, gef\u00e4hrdeten Menschen in der Grundsicherung in ihrer Existenz \u2014 weil sie Wohnungslosigkeit Vorschub leisten, statt sie zu verhindern. Kernpunkt der Kritik ist die faktische Abschaffung der Karenzzeit. Seit 2023 [&hellip;]<\/p>\n","protected":false},"author":4,"featured_media":0,"comment_status":"closed","ping_status":"open","sticky":false,"template":"","format":"standard","meta":{"footnotes":""},"categories":[1],"tags":[],"class_list":["post-9134","post","type-post","status-publish","format-standard","hentry","category-allgemein"],"_links":{"self":[{"href":"https:\/\/infosilo.info\/dekom\/wp-json\/wp\/v2\/posts\/9134","targetHints":{"allow":["GET"]}}],"collection":[{"href":"https:\/\/infosilo.info\/dekom\/wp-json\/wp\/v2\/posts"}],"about":[{"href":"https:\/\/infosilo.info\/dekom\/wp-json\/wp\/v2\/types\/post"}],"author":[{"embeddable":true,"href":"https:\/\/infosilo.info\/dekom\/wp-json\/wp\/v2\/users\/4"}],"replies":[{"embeddable":true,"href":"https:\/\/infosilo.info\/dekom\/wp-json\/wp\/v2\/comments?post=9134"}],"version-history":[{"count":1,"href":"https:\/\/infosilo.info\/dekom\/wp-json\/wp\/v2\/posts\/9134\/revisions"}],"predecessor-version":[{"id":9135,"href":"https:\/\/infosilo.info\/dekom\/wp-json\/wp\/v2\/posts\/9134\/revisions\/9135"}],"wp:attachment":[{"href":"https:\/\/infosilo.info\/dekom\/wp-json\/wp\/v2\/media?parent=9134"}],"wp:term":[{"taxonomy":"category","embeddable":true,"href":"https:\/\/infosilo.info\/dekom\/wp-json\/wp\/v2\/categories?post=9134"},{"taxonomy":"post_tag","embeddable":true,"href":"https:\/\/infosilo.info\/dekom\/wp-json\/wp\/v2\/tags?post=9134"}],"curies":[{"name":"wp","href":"https:\/\/api.w.org\/{rel}","templated":true}]}}