{"id":9138,"date":"2026-03-09T11:57:08","date_gmt":"2026-03-09T09:57:08","guid":{"rendered":"https:\/\/infosilo.info\/dekom\/?p=9138"},"modified":"2026-03-10T14:24:38","modified_gmt":"2026-03-10T12:24:38","slug":"neue-herausforderungen-fuer-das-kommunale-krisenmanagement","status":"publish","type":"post","link":"https:\/\/infosilo.info\/dekom\/neue-herausforderungen-fuer-das-kommunale-krisenmanagement\/","title":{"rendered":"Neue Herausforderungen f\u00fcr das kommunale Krisenmanagement"},"content":{"rendered":"\n<p>Krisen sind f\u00fcr Kommunen l\u00e4ngst kein Ausnahmezustand mehr, sondern zur Daueraufgabe geworden. Pandemie, Energieknappheit, Extremwetterereignisse und Cyberangriffe treffen auf Verwaltungen, die schon im Alltag unter Personalmangel und wachsender Aufgabenf\u00fclle \u00e4chzen. Vieles, was w\u00fcnschenswert und technisch m\u00f6glich w\u00e4re \u2013 von moderner IT bis zu effizienteren Abl\u00e4ufen in B\u00fcrgerdiensten und Fach\u00e4mtern \u2013 wird deshalb in die Zukunft verschoben oder gar nicht erst ernsthaft gepr\u00fcft. Bei einer digitalen Kfz\u2011Anmeldung oder einer Personenstandsangelegenheit mag das noch hinnehmbar sein \u2013 im Notfall- und Krisenmanagement ist es das nicht, weil hier jede L\u00fccke im Zweifel unmittelbare Folgen f\u00fcr Menschen, Infrastruktur und \u00f6ffentliche Ordnung hat. In Nordrhein\u2011Westfalen wird dieses Spannungsfeld besonders deutlich: Landesrecht und Verwaltungsvorschriften skizzieren ein anspruchsvolles Bild von Stabsarbeit, Aus\u2011 und Fortbildung sowie koordinierter Gefahrenabwehr. Viele Kommunen stellt das vor enorme zus\u00e4tzliche Herausforderungen. Gleichzeitig existiert in der unmittelbaren Nachbarschaft vieler Kommunen eine Krisenkompetenz, die weit \u00fcber das hinausgeht, was Rath\u00e4user aus eigener Kraft leisten k\u00f6nnen: in Chemieparks, bei Betreibern kritischer Infrastrukturen oder gro\u00dfen Unternehmensverb\u00fcnden. Dort geh\u00f6ren Werksfeuerwehren, einge\u00fcbte Krisenst\u00e4be, Szenario\u2011Trainings, B\u00fcrgertelefone und professionelle Krisenkommunikation zum Standardrepertoire. Die naheliegende Frage lautet daher: Warum sollten Kommunen ihre Krisenorganisation weiterhin weitgehend allein entwickeln, statt systematisch auf dieses vorhandene Know\u2011how zur\u00fcckzugreifen? Kommunales Krisenmanagement l\u00e4sst sich nicht mehr als tempor\u00e4re Zusatzaufgabe behandeln, die man im Anlassfall \u201eirgendwie mitmacht\u201c. Angesichts knapper Personalressourcen und wachsender Risiken wird die Frage nach neuen Formen der Unterst\u00fctzung dringlicher werden. Wie diese Zusammenarbeit konkret aussehen kann und wo die Grenze zwischen kommunaler Kernverantwortung und externer Expertise verl\u00e4uft, ist noch nicht ausverhandelt. (DEKOM, 09.03.2026) <a href=\"https:\/\/gpanrw.de\/sites\/default\/files\/2025-12\/Beratungsangebot%20Kommunales%20Krisenmanagement.pdf\">Mehr Infos hier\u2026 <\/a>\u00a0<\/p>\n","protected":false},"excerpt":{"rendered":"<p>Krisen sind f\u00fcr Kommunen l\u00e4ngst kein Ausnahmezustand mehr, sondern zur Daueraufgabe geworden. Pandemie, Energieknappheit, Extremwetterereignisse und Cyberangriffe treffen auf Verwaltungen, die schon im Alltag unter Personalmangel und wachsender Aufgabenf\u00fclle \u00e4chzen. Vieles, was w\u00fcnschenswert und technisch m\u00f6glich w\u00e4re \u2013 von moderner IT bis zu effizienteren Abl\u00e4ufen in B\u00fcrgerdiensten und Fach\u00e4mtern \u2013 wird deshalb in die Zukunft [&hellip;]<\/p>\n","protected":false},"author":4,"featured_media":0,"comment_status":"closed","ping_status":"open","sticky":false,"template":"","format":"standard","meta":{"footnotes":""},"categories":[1],"tags":[],"class_list":["post-9138","post","type-post","status-publish","format-standard","hentry","category-allgemein"],"_links":{"self":[{"href":"https:\/\/infosilo.info\/dekom\/wp-json\/wp\/v2\/posts\/9138","targetHints":{"allow":["GET"]}}],"collection":[{"href":"https:\/\/infosilo.info\/dekom\/wp-json\/wp\/v2\/posts"}],"about":[{"href":"https:\/\/infosilo.info\/dekom\/wp-json\/wp\/v2\/types\/post"}],"author":[{"embeddable":true,"href":"https:\/\/infosilo.info\/dekom\/wp-json\/wp\/v2\/users\/4"}],"replies":[{"embeddable":true,"href":"https:\/\/infosilo.info\/dekom\/wp-json\/wp\/v2\/comments?post=9138"}],"version-history":[{"count":2,"href":"https:\/\/infosilo.info\/dekom\/wp-json\/wp\/v2\/posts\/9138\/revisions"}],"predecessor-version":[{"id":9188,"href":"https:\/\/infosilo.info\/dekom\/wp-json\/wp\/v2\/posts\/9138\/revisions\/9188"}],"wp:attachment":[{"href":"https:\/\/infosilo.info\/dekom\/wp-json\/wp\/v2\/media?parent=9138"}],"wp:term":[{"taxonomy":"category","embeddable":true,"href":"https:\/\/infosilo.info\/dekom\/wp-json\/wp\/v2\/categories?post=9138"},{"taxonomy":"post_tag","embeddable":true,"href":"https:\/\/infosilo.info\/dekom\/wp-json\/wp\/v2\/tags?post=9138"}],"curies":[{"name":"wp","href":"https:\/\/api.w.org\/{rel}","templated":true}]}}