{"id":9178,"date":"2026-03-10T00:02:00","date_gmt":"2026-03-09T22:02:00","guid":{"rendered":"https:\/\/infosilo.info\/dekom\/?p=9178"},"modified":"2026-03-09T15:36:36","modified_gmt":"2026-03-09T13:36:36","slug":"stadtwerke-juelich-investieren-in-batteriespeicher","status":"publish","type":"post","link":"https:\/\/infosilo.info\/dekom\/stadtwerke-juelich-investieren-in-batteriespeicher\/","title":{"rendered":"Stadtwerke J\u00fclich investieren in Batteriespeicher"},"content":{"rendered":"\n<p>Die Stadtwerke J\u00fclich haben vom Technologie-Zentrum J\u00fclich ein rund 1.500 Quadratmeter gro\u00dfes Grundst\u00fcck am K\u00f6nigskamp erworben. Geplant ist dort der Bau eines zwei Megawatt gro\u00dfen Batteriespeichers, der die Energieeffizienz der Stadtwerke erh\u00f6hen und das lokale Stromnetz zukunftsf\u00e4hig machen soll. Das Investitionsvolumen ist \u00fcberschaubar, die strategische Bedeutung des Schritts jedoch nicht. Das Projekt setzt eine langj\u00e4hrige Zusammenarbeit fort. Beide Unternehmen kooperieren seit mehr als 30 Jahren. Der Grundst\u00fccksverkauf erweitert diese Partnerschaft nun in den Bereich Speichertechnologie. Batteriespeicher erm\u00f6glichen es, \u00fcbersch\u00fcssige Energie zwischenzuspeichern und bedarfsgerecht wieder ins Netz einzuspeisen. Wer Strom dann einkauft, wenn er g\u00fcnstig ist, und ihn dann einspeist oder nutzt, wenn die Nachfrage hoch ist, kann Beschaffungskosten senken und zus\u00e4tzliche Erl\u00f6se erzielen. Die Teilnahme an Regelenergiem\u00e4rkten, also der kurzfristigen Bereitstellung von Ausgleichsleistungen f\u00fcr das Netz, er\u00f6ffnet dabei ein Gesch\u00e4ftsfeld, das bislang vor allem gr\u00f6\u00dferen Akteuren vorbehalten war. Sinkende Speicherkosten ver\u00e4ndern diese Logik grundlegend. Eine Megawattstunde Kapazit\u00e4t kostet heute einen Bruchteil dessen, was noch vor wenigen Jahren \u00fcblich war. Kleinteilige Projekte mit gesicherter Fl\u00e4che, eingespielter Partnerstruktur und gekl\u00e4rter Netzanbindung sind realisierbar und wirtschaftlich tragf\u00e4hig. Der Markt ist bereits in Bewegung \u2013 die Frage ist, wer planungsrechtlich bereit ist, wenn Projektentwickler anklopfen. (DEKOM\/Stadt J\u00fclich 03.03.2026) <a href=\"https:\/\/www.juelich.de\/aktuelles?news=Zukunftssicherung_f_ue_r_das_Stromnetz\">Mehr Infos hier\u2026<\/a><\/p>\n","protected":false},"excerpt":{"rendered":"<p>Die Stadtwerke J\u00fclich haben vom Technologie-Zentrum J\u00fclich ein rund 1.500 Quadratmeter gro\u00dfes Grundst\u00fcck am K\u00f6nigskamp erworben. Geplant ist dort der Bau eines zwei Megawatt gro\u00dfen Batteriespeichers, der die Energieeffizienz der Stadtwerke erh\u00f6hen und das lokale Stromnetz zukunftsf\u00e4hig machen soll. Das Investitionsvolumen ist \u00fcberschaubar, die strategische Bedeutung des Schritts jedoch nicht. Das Projekt setzt eine langj\u00e4hrige [&hellip;]<\/p>\n","protected":false},"author":4,"featured_media":0,"comment_status":"closed","ping_status":"open","sticky":false,"template":"","format":"standard","meta":{"footnotes":""},"categories":[29],"tags":[],"class_list":["post-9178","post","type-post","status-publish","format-standard","hentry","category-top-news"],"_links":{"self":[{"href":"https:\/\/infosilo.info\/dekom\/wp-json\/wp\/v2\/posts\/9178","targetHints":{"allow":["GET"]}}],"collection":[{"href":"https:\/\/infosilo.info\/dekom\/wp-json\/wp\/v2\/posts"}],"about":[{"href":"https:\/\/infosilo.info\/dekom\/wp-json\/wp\/v2\/types\/post"}],"author":[{"embeddable":true,"href":"https:\/\/infosilo.info\/dekom\/wp-json\/wp\/v2\/users\/4"}],"replies":[{"embeddable":true,"href":"https:\/\/infosilo.info\/dekom\/wp-json\/wp\/v2\/comments?post=9178"}],"version-history":[{"count":1,"href":"https:\/\/infosilo.info\/dekom\/wp-json\/wp\/v2\/posts\/9178\/revisions"}],"predecessor-version":[{"id":9179,"href":"https:\/\/infosilo.info\/dekom\/wp-json\/wp\/v2\/posts\/9178\/revisions\/9179"}],"wp:attachment":[{"href":"https:\/\/infosilo.info\/dekom\/wp-json\/wp\/v2\/media?parent=9178"}],"wp:term":[{"taxonomy":"category","embeddable":true,"href":"https:\/\/infosilo.info\/dekom\/wp-json\/wp\/v2\/categories?post=9178"},{"taxonomy":"post_tag","embeddable":true,"href":"https:\/\/infosilo.info\/dekom\/wp-json\/wp\/v2\/tags?post=9178"}],"curies":[{"name":"wp","href":"https:\/\/api.w.org\/{rel}","templated":true}]}}