{"id":9288,"date":"2026-04-27T11:29:42","date_gmt":"2026-04-27T09:29:42","guid":{"rendered":"https:\/\/infosilo.info\/dekom\/?p=9288"},"modified":"2026-04-27T11:29:42","modified_gmt":"2026-04-27T09:29:42","slug":"e-bike-boom-mit-toedlichen-folgen-radfahrende-sterben-haeufiger-im-strassenverkehr","status":"publish","type":"post","link":"https:\/\/infosilo.info\/dekom\/e-bike-boom-mit-toedlichen-folgen-radfahrende-sterben-haeufiger-im-strassenverkehr\/","title":{"rendered":"E-Bike-Boom mit t\u00f6dlichen Folgen: Radfahrende sterben h\u00e4ufiger im Stra\u00dfenverkehr"},"content":{"rendered":"\n<p>Jede sechste im Stra\u00dfenverkehr get\u00f6tete Person war im Jahr 2025 mit dem Fahrrad unterwegs \u2014 ein Anteil von 16,4 Prozent, wie das Statistische Bundesamt mitteilt. Insgesamt kamen 462 Radfahrerinnen und Radfahrer ums Leben, 3,8 Prozent mehr als im Vorjahr. Seit 2015 hat die Zahl der t\u00f6dlich verungl\u00fcckten Radfahrenden um mehr als ein F\u00fcnftel zugenommen. Der Anstieg ist vor allem der wachsenden Verbreitung von Pedelecs geschuldet. Von den 462 Todesopfern fuhren 217 ein Elektrofahrrad. Zum Vergleich: 2015 waren es lediglich 36 get\u00f6tete Pedelec-Fahrende. Der gleichzeitige R\u00fcckgang der Gesamtverkehrstoten um 18,4 Prozent seit 2015 macht den gegenl\u00e4ufigen Trend bei Radfahrenden noch deutlicher sichtbar. Besonders ausgepr\u00e4gt ist die Gef\u00e4hrdung \u00e4lterer Menschen. 61,5 Prozent der t\u00f6dlich verungl\u00fcckten Radfahrenden waren 65 Jahre oder \u00e4lter \u2014 bei Pedelec-Fahrenden lag dieser Anteil sogar bei 67,3 Prozent. Gerade das E-Bike hat in dieser Altersgruppe eine bemerkenswerte Mobilit\u00e4tswende ausgel\u00f6st: Es erm\u00f6glicht auch k\u00f6rperlich eingeschr\u00e4nkten Menschen l\u00e4ngere Strecken und ermuntert zur R\u00fcckkehr ins Sattel. Die physikalischen Realit\u00e4ten \u2014 h\u00f6here Geschwindigkeiten, schwerere R\u00e4der, l\u00e4ngere Bremswege \u2014 treffen dabei auf eine Gruppe, deren Reaktionsverm\u00f6gen und Sturzresistenz altersbedingt abnehmen. An zwei Dritteln der knapp 96.000 Fahrradunf\u00e4lle mit Personenschaden war mindestens eine weitere Person beteiligt; in rund 70 Prozent dieser F\u00e4lle sa\u00df der Unfallgegner am Steuer eines Pkw. Nur in gut einem Viertel dieser Kollisionen mit Autofahrenden trugen die Radfahrenden die Hauptschuld. Bei Unf\u00e4llen mit G\u00fcterkraftfahrzeugen lag dieser Anteil sogar unter einem F\u00fcnftel. (DESTATIS, 27.04.2026) <a href=\"https:\/\/www.destatis.de\/DE\/Presse\/Pressemitteilungen\/2026\/04\/PD26_N025_461.html?nn=2110\">Ganze Meldung hier\u2026<\/a><\/p>\n","protected":false},"excerpt":{"rendered":"<p>Jede sechste im Stra\u00dfenverkehr get\u00f6tete Person war im Jahr 2025 mit dem Fahrrad unterwegs \u2014 ein Anteil von 16,4 Prozent, wie das Statistische Bundesamt mitteilt. Insgesamt kamen 462 Radfahrerinnen und Radfahrer ums Leben, 3,8 Prozent mehr als im Vorjahr. Seit 2015 hat die Zahl der t\u00f6dlich verungl\u00fcckten Radfahrenden um mehr als ein F\u00fcnftel zugenommen. Der [&hellip;]<\/p>\n","protected":false},"author":4,"featured_media":0,"comment_status":"closed","ping_status":"open","sticky":false,"template":"","format":"standard","meta":{"footnotes":""},"categories":[1],"tags":[],"class_list":["post-9288","post","type-post","status-publish","format-standard","hentry","category-allgemein"],"_links":{"self":[{"href":"https:\/\/infosilo.info\/dekom\/wp-json\/wp\/v2\/posts\/9288","targetHints":{"allow":["GET"]}}],"collection":[{"href":"https:\/\/infosilo.info\/dekom\/wp-json\/wp\/v2\/posts"}],"about":[{"href":"https:\/\/infosilo.info\/dekom\/wp-json\/wp\/v2\/types\/post"}],"author":[{"embeddable":true,"href":"https:\/\/infosilo.info\/dekom\/wp-json\/wp\/v2\/users\/4"}],"replies":[{"embeddable":true,"href":"https:\/\/infosilo.info\/dekom\/wp-json\/wp\/v2\/comments?post=9288"}],"version-history":[{"count":1,"href":"https:\/\/infosilo.info\/dekom\/wp-json\/wp\/v2\/posts\/9288\/revisions"}],"predecessor-version":[{"id":9289,"href":"https:\/\/infosilo.info\/dekom\/wp-json\/wp\/v2\/posts\/9288\/revisions\/9289"}],"wp:attachment":[{"href":"https:\/\/infosilo.info\/dekom\/wp-json\/wp\/v2\/media?parent=9288"}],"wp:term":[{"taxonomy":"category","embeddable":true,"href":"https:\/\/infosilo.info\/dekom\/wp-json\/wp\/v2\/categories?post=9288"},{"taxonomy":"post_tag","embeddable":true,"href":"https:\/\/infosilo.info\/dekom\/wp-json\/wp\/v2\/tags?post=9288"}],"curies":[{"name":"wp","href":"https:\/\/api.w.org\/{rel}","templated":true}]}}