{"id":9298,"date":"2026-04-27T11:40:00","date_gmt":"2026-04-27T09:40:00","guid":{"rendered":"https:\/\/infosilo.info\/dekom\/?p=9298"},"modified":"2026-04-27T11:46:41","modified_gmt":"2026-04-27T09:46:41","slug":"jenaer-it-unternehmen-staerkt-digitale-resilienz-und-souveraenitaet-im-oeffentlichen-sektor","status":"publish","type":"post","link":"https:\/\/infosilo.info\/dekom\/jenaer-it-unternehmen-staerkt-digitale-resilienz-und-souveraenitaet-im-oeffentlichen-sektor\/","title":{"rendered":"Jenaer IT-Unternehmen st\u00e4rkt digitale Resilienz und Souver\u00e4nit\u00e4t im \u00f6ffentlichen Sektor"},"content":{"rendered":"\n<p>Wie souver\u00e4n sind Kommunen in ihrer digitalen Infrastruktur wirklich? Die Frage bekommt gerade Gewicht. Auf der Hannover Messe pr\u00e4sentierte die IT-Sparte der Schwarz Gruppe Ende April den European Sovereign Stack Standard (ES\u00b3), ein Reifegradmodell, das Cloud-Dienste anhand von neun Dimensionen bewertet und erstmals messbar machen soll, wo digitale Abh\u00e4ngigkeiten bestehen und wo echte Kontrolle liegt. Das Framework zeigt, wie dr\u00e4ngend das Thema geworden ist \u2014 auch f\u00fcr Kommunen. Mit dem Inkrafttreten von NIS2 und dem KRITIS-Dachgesetz sind kommunale Unternehmen, Stadtwerke und kommunale Krankenh\u00e4user regulatorisch in der Pflicht. Sie m\u00fcssen nachweisen k\u00f6nnen, dass ihre IT-Infrastruktur sicher betrieben, kontinuierlich \u00fcberwacht und im Angriffsfall handlungsf\u00e4hig ist. Die Schadensbilanz der vergangenen Jahre ist lang. Allein ein einziger Ransomware-Angriff legte 72 Kommunen in Nordrhein-Westfalen mit 22.000 Arbeitspl\u00e4tzen lahm. Bodenseekreis, Vorpommern-R\u00fcgen, F\u00fcrth, Essen \u2014 die Liste lie\u00dfe sich beliebig verl\u00e4ngern. Dabei sch\u00e4tzen 59 Prozent der Verantwortlichen in Kommunalverwaltungen das Risiko eines Angriffs auf ihre eigene Einrichtung als gering ein, obwohl die \u00f6ffentliche Verwaltung EU-weit von allen Branchen am h\u00e4ufigsten von IT-Sicherheitsvorf\u00e4llen betroffen ist. Die eigentliche Schwachstelle liegt in den meisten F\u00e4llen nicht im Fehlen von Sicherheitsl\u00f6sungen, sondern im fehlenden \u00dcberblick. Welche Systeme laufen im Netz? Welche Softwareversionen sind im Einsatz, welche Schwachstellen bekannt? Welche Abh\u00e4ngigkeiten von externen Anbietern bestehen, die im Ernstfall nicht kontrollierbar sind? Wer diese Fragen nicht beantworten kann, handelt regulatorisch blind \u2014 und ist operativ verwundbar. Der Jenaer IT-Security-Spezialist <a href=\"https:\/\/enginsight.com\/de\/kritis-cybersecurity\/\">Enginsight<\/a> adressiert genau diesen Ausgangspunkt. Die Plattform erfasst kontinuierlich alle IT-Assets im Netzwerk einer Organisation, bewertet sie automatisiert auf bekannte Schwachstellen und liefert damit die Grundlage f\u00fcr eine belastbare Sicherheitsstrategie. Anders als punktuelle Sicherheitsl\u00f6sungen, die auf bekannte Angriffsmuster reagieren, schafft Enginsight zun\u00e4chst Transparenz \u00fcber den tats\u00e4chlichen Zustand der eigenen IT-Landschaft \u2014 eine Voraussetzung, ohne die jede weitere Schutzma\u00dfnahme auf unsicherer Grundlage steht. F\u00fcr kommunale Einrichtungen, die unter NIS2 oder KRITIS fallen, ist das unmittelbar relevant. Die Plattform unterst\u00fctzt die Umsetzung regulatorischer Anforderungen, macht Sicherheitsstatus und Compliance-L\u00fccken nachvollziehbar dokumentierbar und erm\u00f6glicht es, sicherheitskritische Entscheidungen auf Basis aktueller Daten zu treffen. Entwickelt und betrieben in Deutschland, erf\u00fcllt Enginsight dabei die Anforderungen an digitale Souver\u00e4nit\u00e4t, die f\u00fcr \u00f6ffentliche Einrichtungen zunehmend zum Beschaffungskriterium werden \u2014 Transparenz \u00fcber Datenfl\u00fcsse, rechtliche Klarheit und keine Abh\u00e4ngigkeit von au\u00dfereurop\u00e4ischen Jurisdiktionen. (DEKOM, 27.04.2026) <a href=\"https:\/\/enginsight.com\/de\/blog\/enginsight-staerkt-digitale-resilienz-und-souveraenitaet-im-oeffentlichen-sektor\/\">Mehr Infos hier\u2026<\/a><\/p>\n","protected":false},"excerpt":{"rendered":"<p>Wie souver\u00e4n sind Kommunen in ihrer digitalen Infrastruktur wirklich? Die Frage bekommt gerade Gewicht. Auf der Hannover Messe pr\u00e4sentierte die IT-Sparte der Schwarz Gruppe Ende April den European Sovereign Stack Standard (ES\u00b3), ein Reifegradmodell, das Cloud-Dienste anhand von neun Dimensionen bewertet und erstmals messbar machen soll, wo digitale Abh\u00e4ngigkeiten bestehen und wo echte Kontrolle liegt. [&hellip;]<\/p>\n","protected":false},"author":4,"featured_media":0,"comment_status":"closed","ping_status":"open","sticky":false,"template":"","format":"standard","meta":{"footnotes":""},"categories":[1],"tags":[],"class_list":["post-9298","post","type-post","status-publish","format-standard","hentry","category-allgemein"],"_links":{"self":[{"href":"https:\/\/infosilo.info\/dekom\/wp-json\/wp\/v2\/posts\/9298","targetHints":{"allow":["GET"]}}],"collection":[{"href":"https:\/\/infosilo.info\/dekom\/wp-json\/wp\/v2\/posts"}],"about":[{"href":"https:\/\/infosilo.info\/dekom\/wp-json\/wp\/v2\/types\/post"}],"author":[{"embeddable":true,"href":"https:\/\/infosilo.info\/dekom\/wp-json\/wp\/v2\/users\/4"}],"replies":[{"embeddable":true,"href":"https:\/\/infosilo.info\/dekom\/wp-json\/wp\/v2\/comments?post=9298"}],"version-history":[{"count":1,"href":"https:\/\/infosilo.info\/dekom\/wp-json\/wp\/v2\/posts\/9298\/revisions"}],"predecessor-version":[{"id":9299,"href":"https:\/\/infosilo.info\/dekom\/wp-json\/wp\/v2\/posts\/9298\/revisions\/9299"}],"wp:attachment":[{"href":"https:\/\/infosilo.info\/dekom\/wp-json\/wp\/v2\/media?parent=9298"}],"wp:term":[{"taxonomy":"category","embeddable":true,"href":"https:\/\/infosilo.info\/dekom\/wp-json\/wp\/v2\/categories?post=9298"},{"taxonomy":"post_tag","embeddable":true,"href":"https:\/\/infosilo.info\/dekom\/wp-json\/wp\/v2\/tags?post=9298"}],"curies":[{"name":"wp","href":"https:\/\/api.w.org\/{rel}","templated":true}]}}